{"id":3432,"date":"2021-05-21T10:03:40","date_gmt":"2021-05-21T10:03:40","guid":{"rendered":"https:\/\/factoriaf5.org\/bcn-femtech\/"},"modified":"2021-10-06T05:27:56","modified_gmt":"2021-10-06T05:27:56","slug":"bcn-femtech","status":"publish","type":"post","link":"https:\/\/factoriaf5.org\/ca\/bcn-femtech\/","title":{"rendered":"Mujeres en situaci\u00f3n de vulnerabilidad ser\u00e1n futuras programadoras gracias al programa formativo: BCN FemTech"},"content":{"rendered":"<div class=\"fusion-fullwidth fullwidth-box fusion-builder-row-1 fusion-flex-container nonhundred-percent-fullwidth non-hundred-percent-height-scrolling\" style=\"background-color: rgba(255,255,255,0);background-position: center center;background-repeat: no-repeat;border-width: 0px 0px 0px 0px;border-color:#e2e2e2;border-style:solid;\" ><div class=\"fusion-builder-row fusion-row fusion-flex-align-items-flex-start\" style=\"max-width:1248px;margin-left: calc(-4% \/ 2 );margin-right: calc(-4% \/ 2 );\"><div class=\"fusion-layout-column fusion_builder_column fusion-builder-column-0 fusion_builder_column_1_1 1_1 fusion-flex-column\"><div class=\"fusion-column-wrapper fusion-flex-justify-content-flex-start fusion-content-layout-column\" style=\"background-position:left top;background-repeat:no-repeat;-webkit-background-size:cover;-moz-background-size:cover;-o-background-size:cover;background-size:cover;padding: 0px 0px 0px 0px;\"><div class=\"fusion-text fusion-text-1\"><p>Desde el pasado mes de abril 25 mujeres en situaci\u00f3n de vulnerabilidad participan en la primera promoci\u00f3n del programa formativo de Bcn FemTech, formaci\u00f3n totalmente gratuita intensiva de 6 meses de desarrollo web full stack basada en la pedagog\u00eda activa, pr\u00e1ctica y colaborativa de Simplon.co.<br \/>\nLa crisis derivada de la pandemia de la Covid-19 refuerza las desigualdades y muchas mujeres se encuentran en una situaci\u00f3n de alta precariedad.<\/p>\n<p>Al mismo tiempo las empresas tecnol\u00f3gicas tienen dificultades crecientes en encontrar el talento digital que necesitan para hacer frente a la recuperaci\u00f3n econ\u00f3mica tras la crisis de la Covid-19. El desaf\u00edo es a\u00fan m\u00e1s grande en el momento de contratar talento digital femenino.<a href=\"https:\/\/www.lavanguardia.com\/especial\/local\/20210520\/20210520-barcelona-forma-talento-digital-ajuntament-brl\/pagina2.html\"> En Barcelona, s\u00f3lo el 26% de los puestos de trabajo en el sector digital est\u00e1n cubiertos por mujeres.<\/a><\/p>\n<p>La formaci\u00f3n <a href=\"https:\/\/ajuntament.barcelona.cat\/gracia\/es\/noticia\/mas-mujeres-en-el-sector-tecnologico-menos-brecha-digital-de-genero_1044640\">BcN FemTech<\/a> que impartimos desde Factor\u00eda F5 aporta una respuesta concreta a este doble desaf\u00edo, tanto social como econ\u00f3mico. <a href=\"https:\/\/beteve.cat\/societat\/ajuntament-oferta-50-places-dones-formacio-digital-gratuita-barcelona\/\">El objetivo es incorporar a 50 mujeres en situaci\u00f3n de vulnerabilidad en el mercado laboral como profesionales del desarrollo web<\/a>.<\/p>\n<p>No s\u00f3lo ense\u00f1amos las competencias tecnol\u00f3gicas y metodolog\u00edas \u00e1giles m\u00e1s utilizadas por las empresas, sino que tambi\u00e9n, desarrollamos las competencias transversales relevantes para crecer con \u00e9xito en un sector en fuerte crecimiento (motivaci\u00f3n, autonom\u00eda, creatividad, trabajo en equipo, \u2026). Trabajamos en partenariado con <a href=\"https:\/\/www.formacioitreball.org\/es\/\">Fundaci\u00f3n Formaci\u00f3 i Treball<\/a> que realiza el acompa\u00f1amiento individualizado de nuestras coders para poder hacer una intermediaci\u00f3n laboral e impulsar su posterior inserci\u00f3n en la empresa ordinaria.<\/p>\n<p>A partir de julio comenzaremos la captaci\u00f3n de la segunda promoci\u00f3n de 25 mujeres en situaci\u00f3n de vulnerabilidad que iniciar\u00e1 en Septiembre.<\/p>\n<p>BcN FemTech es una iniciativa basada en un partenariado p\u00fablico-privado reuniendo al Ayuntamiento de Barcelona, Barcelona Activa, Endesa y la Fundaci\u00f3 Formaci\u00f3 i Treball.<br \/>\nNuestra pedagog\u00eda rompe con los modelos de aprendizaje tradicionales. Nuestras Coders aprenden haciendo, ense\u00f1ando, por proyectos individuales y colaborativos y sobretodo \u00a1siempre disfrutando!<\/p>\n<div class=\"video-shortcode\"><iframe title=\"Dones que trenquen els codis Bcn Femtech\" width=\"1200\" height=\"675\" src=\"https:\/\/www.youtube.com\/embed\/itILwNXjEfw?feature=oembed\" frameborder=\"0\" allow=\"accelerometer; autoplay; clipboard-write; encrypted-media; gyroscope; picture-in-picture\" allowfullscreen><\/iframe><\/div>\n<\/div><\/div><style type=\"text\/css\">.fusion-body .fusion-builder-column-0{width:100% !important;margin-top : 0px;margin-bottom : 0px;}.fusion-builder-column-0 > .fusion-column-wrapper {padding-top : 0px !important;padding-right : 0px !important;margin-right : 1.92%;padding-bottom : 0px !important;padding-left : 0px !important;margin-left : 1.92%;}@media only screen and (max-width:1024px) {.fusion-body .fusion-builder-column-0{width:100% !important;}.fusion-builder-column-0 > .fusion-column-wrapper {margin-right : 1.92%;margin-left : 1.92%;}}@media only screen and (max-width:640px) {.fusion-body .fusion-builder-column-0{width:100% !important;}.fusion-builder-column-0 > .fusion-column-wrapper {margin-right : 1.92%;margin-left : 1.92%;}}<\/style><\/div><\/div><style type=\"text\/css\">.fusion-body .fusion-flex-container.fusion-builder-row-1{ padding-top : 0px;margin-top : 0px;padding-right : 0px;padding-bottom : 0px;margin-bottom : 0px;padding-left : 0px;}<\/style><\/div>\n","protected":false},"excerpt":{"rendered":"","protected":false},"author":1,"featured_media":3433,"comment_status":"open","ping_status":"open","sticky":false,"template":"","format":"standard","meta":{"footnotes":""},"categories":[78],"tags":[128,129,130],"class_list":["post-3432","post","type-post","status-publish","format-standard","has-post-thumbnail","hentry","category-formacion-ca","tag-desarrollo-web-ca","tag-mujeres-ca","tag-programadoras-ca"],"_links":{"self":[{"href":"https:\/\/factoriaf5.org\/ca\/wp-json\/wp\/v2\/posts\/3432","targetHints":{"allow":["GET"]}}],"collection":[{"href":"https:\/\/factoriaf5.org\/ca\/wp-json\/wp\/v2\/posts"}],"about":[{"href":"https:\/\/factoriaf5.org\/ca\/wp-json\/wp\/v2\/types\/post"}],"author":[{"embeddable":true,"href":"https:\/\/factoriaf5.org\/ca\/wp-json\/wp\/v2\/users\/1"}],"replies":[{"embeddable":true,"href":"https:\/\/factoriaf5.org\/ca\/wp-json\/wp\/v2\/comments?post=3432"}],"version-history":[{"count":1,"href":"https:\/\/factoriaf5.org\/ca\/wp-json\/wp\/v2\/posts\/3432\/revisions"}],"predecessor-version":[{"id":3434,"href":"https:\/\/factoriaf5.org\/ca\/wp-json\/wp\/v2\/posts\/3432\/revisions\/3434"}],"wp:featuredmedia":[{"embeddable":true,"href":"https:\/\/factoriaf5.org\/ca\/wp-json\/wp\/v2\/media\/3433"}],"wp:attachment":[{"href":"https:\/\/factoriaf5.org\/ca\/wp-json\/wp\/v2\/media?parent=3432"}],"wp:term":[{"taxonomy":"category","embeddable":true,"href":"https:\/\/factoriaf5.org\/ca\/wp-json\/wp\/v2\/categories?post=3432"},{"taxonomy":"post_tag","embeddable":true,"href":"https:\/\/factoriaf5.org\/ca\/wp-json\/wp\/v2\/tags?post=3432"}],"curies":[{"name":"wp","href":"https:\/\/api.w.org\/{rel}","templated":true}]}}